{"id":8850,"date":"2025-03-21T21:37:24","date_gmt":"2025-03-21T21:37:24","guid":{"rendered":"https:\/\/stlcc.gob.hn\/?p=8850"},"modified":"2025-03-26T21:37:33","modified_gmt":"2025-03-26T21:37:33","slug":"conmemorando-el-mes-de-los-datos-abiertos-foro-sobre-transparencia-y-prevencion-de-la-corrupcion-con-la-stlcc-bcie-y-oea","status":"publish","type":"post","link":"https:\/\/stlcc.gob.hn\/?p=8850","title":{"rendered":"Conmemorando el Mes de los Datos Abiertos: Foro sobre Transparencia y Prevenci\u00f3n de la Corrupci\u00f3n con la STLCC, BCIE y OEA"},"content":{"rendered":"\n<p>La <a href=\"https:\/\/www.facebook.com\/stlcchonduras?__cft__[0]=AZVVl7oMNvzpzC3r5qsvXvoPwbTi2AjGMURXwnSqtTCXcx5HLKi1_rp7vGrDpnvd-UAPrxB-gvd9KiwWplqDcdc_VM0br05xxQAucfeswuFK3XWBuVQD1LUD5hDnVbbRTzzYhlMYzgevxFvEJXECp80SzQn5OtcUfosMPzN9WwjDZctYjZhFnFk1WG19C2S8au5hxwlWnIoV7sGAMOUA9BL7&amp;__tn__=-]K-R\">Secretar\u00eda de Transparencia y Lucha Contra la Corrupci\u00f3n STLCC de Honduras<\/a>, en coordinaci\u00f3n con el <a href=\"https:\/\/www.facebook.com\/bcie.org?__cft__[0]=AZVVl7oMNvzpzC3r5qsvXvoPwbTi2AjGMURXwnSqtTCXcx5HLKi1_rp7vGrDpnvd-UAPrxB-gvd9KiwWplqDcdc_VM0br05xxQAucfeswuFK3XWBuVQD1LUD5hDnVbbRTzzYhlMYzgevxFvEJXECp80SzQn5OtcUfosMPzN9WwjDZctYjZhFnFk1WG19C2S8au5hxwlWnIoV7sGAMOUA9BL7&amp;__tn__=-]K-R\">Banco Centroamericano de Integraci\u00f3n Econ\u00f3mica &#8211; BCIE<\/a> y la <a href=\"https:\/\/www.facebook.com\/OEAoficial?__cft__[0]=AZVVl7oMNvzpzC3r5qsvXvoPwbTi2AjGMURXwnSqtTCXcx5HLKi1_rp7vGrDpnvd-UAPrxB-gvd9KiwWplqDcdc_VM0br05xxQAucfeswuFK3XWBuVQD1LUD5hDnVbbRTzzYhlMYzgevxFvEJXECp80SzQn5OtcUfosMPzN9WwjDZctYjZhFnFk1WG19C2S8au5hxwlWnIoV7sGAMOUA9BL7&amp;__tn__=-]K-R\">Organizaci\u00f3n de los Estados Americanos (OEA)<\/a>, conmemora el mes internacional de los datos abiertos con el foro que lleva por nombre: \u201cDatos abiertos: motor positivo para la transparencia\u201d.<\/p>\n\n\n\n<p>En la jornada participaron integrantes de la sociedad civil, sector privado, academia y servidores p\u00fablicos clave.<\/p>\n\n\n\n<p>El espacio permiti\u00f3 resaltar la importancia de potenciar los datos abiertos como una herramienta de transparencia y prevenci\u00f3n de la corrupci\u00f3n, pilares que son fundamentales para el Gobierno de la Presidenta <a href=\"https:\/\/www.facebook.com\/XiomaraCastroZ?__cft__[0]=AZVVl7oMNvzpzC3r5qsvXvoPwbTi2AjGMURXwnSqtTCXcx5HLKi1_rp7vGrDpnvd-UAPrxB-gvd9KiwWplqDcdc_VM0br05xxQAucfeswuFK3XWBuVQD1LUD5hDnVbbRTzzYhlMYzgevxFvEJXECp80SzQn5OtcUfosMPzN9WwjDZctYjZhFnFk1WG19C2S8au5hxwlWnIoV7sGAMOUA9BL7&amp;__tn__=-]K-R\">Xiomara Castro De Zelaya<\/a>.<\/p>\n\n\n\n<p>21 de marzo de 2025<\/p>\n\n\n\n<figure class=\"wp-block-gallery has-nested-images columns-default is-cropped wp-block-gallery-1 is-layout-flex wp-block-gallery-is-layout-flex\">\n<figure class=\"wp-block-image size-large\"><img loading=\"lazy\" decoding=\"async\" width=\"1024\" height=\"819\" data-id=\"8853\" src=\"https:\/\/stlcc.gob.hn\/wp-content\/uploads\/2025\/03\/485103026_122121219284763371_8042818797896268205_n-1024x819.jpg\" alt=\"\" class=\"wp-image-8853\" srcset=\"https:\/\/stlcc.gob.hn\/wp-content\/uploads\/2025\/03\/485103026_122121219284763371_8042818797896268205_n-1024x819.jpg 1024w, https:\/\/stlcc.gob.hn\/wp-content\/uploads\/2025\/03\/485103026_122121219284763371_8042818797896268205_n-300x240.jpg 300w, https:\/\/stlcc.gob.hn\/wp-content\/uploads\/2025\/03\/485103026_122121219284763371_8042818797896268205_n.jpg 1440w\" sizes=\"auto, (max-width: 1024px) 100vw, 1024px\" \/><\/figure>\n\n\n\n<figure class=\"wp-block-image size-large\"><img loading=\"lazy\" decoding=\"async\" width=\"1024\" height=\"819\" data-id=\"8852\" src=\"https:\/\/stlcc.gob.hn\/wp-content\/uploads\/2025\/03\/485743463_122121219278763371_5115221361927046458_n-1024x819.jpg\" alt=\"\" class=\"wp-image-8852\" srcset=\"https:\/\/stlcc.gob.hn\/wp-content\/uploads\/2025\/03\/485743463_122121219278763371_5115221361927046458_n-1024x819.jpg 1024w, https:\/\/stlcc.gob.hn\/wp-content\/uploads\/2025\/03\/485743463_122121219278763371_5115221361927046458_n-300x240.jpg 300w, https:\/\/stlcc.gob.hn\/wp-content\/uploads\/2025\/03\/485743463_122121219278763371_5115221361927046458_n.jpg 1440w\" sizes=\"auto, (max-width: 1024px) 100vw, 1024px\" \/><\/figure>\n\n\n\n<figure class=\"wp-block-image size-large\"><img loading=\"lazy\" decoding=\"async\" width=\"1024\" height=\"819\" data-id=\"8854\" src=\"https:\/\/stlcc.gob.hn\/wp-content\/uploads\/2025\/03\/485988001_122121219254763371_6122812666877243039_n-1024x819.jpg\" alt=\"\" class=\"wp-image-8854\" srcset=\"https:\/\/stlcc.gob.hn\/wp-content\/uploads\/2025\/03\/485988001_122121219254763371_6122812666877243039_n-1024x819.jpg 1024w, https:\/\/stlcc.gob.hn\/wp-content\/uploads\/2025\/03\/485988001_122121219254763371_6122812666877243039_n-300x240.jpg 300w, https:\/\/stlcc.gob.hn\/wp-content\/uploads\/2025\/03\/485988001_122121219254763371_6122812666877243039_n.jpg 1440w\" sizes=\"auto, (max-width: 1024px) 100vw, 1024px\" \/><\/figure>\n\n\n\n<figure class=\"wp-block-image size-large\"><img loading=\"lazy\" decoding=\"async\" width=\"1024\" height=\"819\" data-id=\"8856\" src=\"https:\/\/stlcc.gob.hn\/wp-content\/uploads\/2025\/03\/485402859_122121219272763371_7781987744702996130_n-1024x819.jpg\" alt=\"\" class=\"wp-image-8856\" srcset=\"https:\/\/stlcc.gob.hn\/wp-content\/uploads\/2025\/03\/485402859_122121219272763371_7781987744702996130_n-1024x819.jpg 1024w, https:\/\/stlcc.gob.hn\/wp-content\/uploads\/2025\/03\/485402859_122121219272763371_7781987744702996130_n-300x240.jpg 300w, https:\/\/stlcc.gob.hn\/wp-content\/uploads\/2025\/03\/485402859_122121219272763371_7781987744702996130_n.jpg 1440w\" sizes=\"auto, (max-width: 1024px) 100vw, 1024px\" \/><\/figure>\n\n\n\n<figure class=\"wp-block-image size-large\"><img loading=\"lazy\" decoding=\"async\" width=\"1024\" height=\"819\" data-id=\"8855\" src=\"https:\/\/stlcc.gob.hn\/wp-content\/uploads\/2025\/03\/485102175_122121219260763371_3391671621902811459_n-1024x819.jpg\" alt=\"\" class=\"wp-image-8855\" srcset=\"https:\/\/stlcc.gob.hn\/wp-content\/uploads\/2025\/03\/485102175_122121219260763371_3391671621902811459_n-1024x819.jpg 1024w, https:\/\/stlcc.gob.hn\/wp-content\/uploads\/2025\/03\/485102175_122121219260763371_3391671621902811459_n-300x240.jpg 300w, https:\/\/stlcc.gob.hn\/wp-content\/uploads\/2025\/03\/485102175_122121219260763371_3391671621902811459_n.jpg 1440w\" sizes=\"auto, (max-width: 1024px) 100vw, 1024px\" \/><\/figure>\n\n\n\n<figure class=\"wp-block-image size-large\"><img loading=\"lazy\" decoding=\"async\" width=\"1024\" height=\"819\" data-id=\"8857\" src=\"https:\/\/stlcc.gob.hn\/wp-content\/uploads\/2025\/03\/485310367_122121219266763371_3471270585323134540_n-1024x819.jpg\" alt=\"\" class=\"wp-image-8857\" srcset=\"https:\/\/stlcc.gob.hn\/wp-content\/uploads\/2025\/03\/485310367_122121219266763371_3471270585323134540_n-1024x819.jpg 1024w, https:\/\/stlcc.gob.hn\/wp-content\/uploads\/2025\/03\/485310367_122121219266763371_3471270585323134540_n-300x240.jpg 300w, https:\/\/stlcc.gob.hn\/wp-content\/uploads\/2025\/03\/485310367_122121219266763371_3471270585323134540_n.jpg 1440w\" sizes=\"auto, (max-width: 1024px) 100vw, 1024px\" \/><\/figure>\n<\/figure>\n","protected":false},"excerpt":{"rendered":"<p>La Secretar\u00eda de Transparencia y Lucha Contra la Corrupci\u00f3n STLCC de Honduras, en coordinaci\u00f3n con el Banco Centroamericano de Integraci\u00f3n Econ\u00f3mica &#8211; BCIE y la Organizaci\u00f3n de los Estados Americanos (OEA), conmemora el mes internacional de los datos abiertos con el foro que lleva por nombre: \u201cDatos abiertos: motor positivo para la transparencia\u201d. En la &hellip; <\/p>\n<p class=\"link-more\"><a href=\"https:\/\/stlcc.gob.hn\/?p=8850\" class=\"more-link\">Leer m\u00e1s<span class=\"screen-reader-text\"> \u00abConmemorando el Mes de los Datos Abiertos: Foro sobre Transparencia y Prevenci\u00f3n de la Corrupci\u00f3n con la STLCC, BCIE y OEA\u00bb<\/span><\/a><\/p>\n","protected":false},"author":4,"featured_media":8858,"comment_status":"closed","ping_status":"closed","sticky":false,"template":"","format":"standard","meta":{"_bbp_topic_count":0,"_bbp_reply_count":0,"_bbp_total_topic_count":0,"_bbp_total_reply_count":0,"_bbp_voice_count":0,"_bbp_anonymous_reply_count":0,"_bbp_topic_count_hidden":0,"_bbp_reply_count_hidden":0,"_bbp_forum_subforum_count":0,"footnotes":""},"categories":[48,25,17,26],"tags":[],"class_list":["post-8850","post","type-post","status-publish","format-standard","has-post-thumbnail","hentry","category-dgtpc","category-ministro","category-stlcc","category-uci"],"_links":{"self":[{"href":"https:\/\/stlcc.gob.hn\/index.php?rest_route=\/wp\/v2\/posts\/8850","targetHints":{"allow":["GET"]}}],"collection":[{"href":"https:\/\/stlcc.gob.hn\/index.php?rest_route=\/wp\/v2\/posts"}],"about":[{"href":"https:\/\/stlcc.gob.hn\/index.php?rest_route=\/wp\/v2\/types\/post"}],"author":[{"embeddable":true,"href":"https:\/\/stlcc.gob.hn\/index.php?rest_route=\/wp\/v2\/users\/4"}],"replies":[{"embeddable":true,"href":"https:\/\/stlcc.gob.hn\/index.php?rest_route=%2Fwp%2Fv2%2Fcomments&post=8850"}],"version-history":[{"count":1,"href":"https:\/\/stlcc.gob.hn\/index.php?rest_route=\/wp\/v2\/posts\/8850\/revisions"}],"predecessor-version":[{"id":8859,"href":"https:\/\/stlcc.gob.hn\/index.php?rest_route=\/wp\/v2\/posts\/8850\/revisions\/8859"}],"wp:featuredmedia":[{"embeddable":true,"href":"https:\/\/stlcc.gob.hn\/index.php?rest_route=\/wp\/v2\/media\/8858"}],"wp:attachment":[{"href":"https:\/\/stlcc.gob.hn\/index.php?rest_route=%2Fwp%2Fv2%2Fmedia&parent=8850"}],"wp:term":[{"taxonomy":"category","embeddable":true,"href":"https:\/\/stlcc.gob.hn\/index.php?rest_route=%2Fwp%2Fv2%2Fcategories&post=8850"},{"taxonomy":"post_tag","embeddable":true,"href":"https:\/\/stlcc.gob.hn\/index.php?rest_route=%2Fwp%2Fv2%2Ftags&post=8850"}],"curies":[{"name":"wp","href":"https:\/\/api.w.org\/{rel}","templated":true}]}}