{"id":8871,"date":"2025-03-25T21:56:54","date_gmt":"2025-03-25T21:56:54","guid":{"rendered":"https:\/\/stlcc.gob.hn\/?p=8871"},"modified":"2025-03-26T21:57:04","modified_gmt":"2025-03-26T21:57:04","slug":"reafirmando-el-compromiso-con-los-derechos-humanos-participacion-de-la-stlcc-en-el-conversatorio-del-dia-nacional-por-el-derecho-a-la-verdad-la-memoria-y-la-justicia","status":"publish","type":"post","link":"https:\/\/stlcc.gob.hn\/?p=8871","title":{"rendered":"Reafirmando el Compromiso con los Derechos Humanos: Participaci\u00f3n de la STLCC en el Conversatorio del D\u00eda Nacional por el Derecho a la Verdad, la Memoria y la Justicia"},"content":{"rendered":"\n<p>La <a href=\"https:\/\/www.facebook.com\/stlcchonduras?__cft__[0]=AZUv7Bn4-zZ9j56Ccv1RfSt7UZHa-LJC8xGu9umenSKfDItSwDzzqnu8zKy2Xcv5af7TOgiXmSnpoxnorYXfN2j8m2tg1UB3FUiCymCFCWxe5-GEvPIOX0W8mgJQqtpGBJxi-V116Hep40hX2mSsaIJ03RMc_65m8iwV4POLMpfML2oFzXtW7xAgaaJto4UJ5PeV7oCemctfYH3PPJawQIsN&amp;__tn__=-]K-R\">Secretar\u00eda de Transparencia y Lucha Contra la Corrupci\u00f3n STLCC de Honduras<\/a>, a trav\u00e9s de su Unidad de G\u00e9nero y Derechos Humanos, particip\u00f3 en el conversatorio &#8220;D\u00eda <a><\/a>Nacional por el Derecho a la Verdad, la Memoria y la Justicia en Honduras&#8221;.<\/p>\n\n\n\n<p>Durante el evento se recordaron hechos hist\u00f3ricos de la d\u00e9cada de los 80 y se reflexion\u00f3 sobre la lucha por la defensa de los derechos humanos.<\/p>\n\n\n\n<p>Este espacio permiti\u00f3 reafirmar que el gobierno de la presidenta <a href=\"https:\/\/www.facebook.com\/XiomaraCastroZ?__cft__[0]=AZUv7Bn4-zZ9j56Ccv1RfSt7UZHa-LJC8xGu9umenSKfDItSwDzzqnu8zKy2Xcv5af7TOgiXmSnpoxnorYXfN2j8m2tg1UB3FUiCymCFCWxe5-GEvPIOX0W8mgJQqtpGBJxi-V116Hep40hX2mSsaIJ03RMc_65m8iwV4POLMpfML2oFzXtW7xAgaaJto4UJ5PeV7oCemctfYH3PPJawQIsN&amp;__tn__=-]K-R\">Xiomara Castro De Zelaya<\/a> mantiene su firme compromiso con el acceso a la justicia, la verdad y la igualdad para todos los hondure\u00f1os.<\/p>\n\n\n\n<p>25 de marzo de 2025<\/p>\n\n\n\n<figure class=\"wp-block-gallery has-nested-images columns-default is-cropped wp-block-gallery-1 is-layout-flex wp-block-gallery-is-layout-flex\">\n<figure class=\"wp-block-image size-large\"><img loading=\"lazy\" decoding=\"async\" width=\"1024\" height=\"819\" data-id=\"8874\" src=\"https:\/\/stlcc.gob.hn\/wp-content\/uploads\/2025\/03\/486576894_122122448570763371_9197135068202950130_n-1024x819.jpg\" alt=\"\" class=\"wp-image-8874\" srcset=\"https:\/\/stlcc.gob.hn\/wp-content\/uploads\/2025\/03\/486576894_122122448570763371_9197135068202950130_n-1024x819.jpg 1024w, https:\/\/stlcc.gob.hn\/wp-content\/uploads\/2025\/03\/486576894_122122448570763371_9197135068202950130_n-300x240.jpg 300w, https:\/\/stlcc.gob.hn\/wp-content\/uploads\/2025\/03\/486576894_122122448570763371_9197135068202950130_n-2000x1600.jpg 2000w, https:\/\/stlcc.gob.hn\/wp-content\/uploads\/2025\/03\/486576894_122122448570763371_9197135068202950130_n.jpg 2048w\" sizes=\"auto, (max-width: 1024px) 100vw, 1024px\" \/><\/figure>\n\n\n\n<figure class=\"wp-block-image size-large\"><img loading=\"lazy\" decoding=\"async\" width=\"1024\" height=\"819\" data-id=\"8875\" src=\"https:\/\/stlcc.gob.hn\/wp-content\/uploads\/2025\/03\/486574660_122122448594763371_7092136604463816736_n-1024x819.jpg\" alt=\"\" class=\"wp-image-8875\" srcset=\"https:\/\/stlcc.gob.hn\/wp-content\/uploads\/2025\/03\/486574660_122122448594763371_7092136604463816736_n-1024x819.jpg 1024w, https:\/\/stlcc.gob.hn\/wp-content\/uploads\/2025\/03\/486574660_122122448594763371_7092136604463816736_n-300x240.jpg 300w, https:\/\/stlcc.gob.hn\/wp-content\/uploads\/2025\/03\/486574660_122122448594763371_7092136604463816736_n-2000x1600.jpg 2000w, https:\/\/stlcc.gob.hn\/wp-content\/uploads\/2025\/03\/486574660_122122448594763371_7092136604463816736_n.jpg 2048w\" sizes=\"auto, (max-width: 1024px) 100vw, 1024px\" \/><\/figure>\n\n\n\n<figure class=\"wp-block-image size-large\"><img loading=\"lazy\" decoding=\"async\" width=\"1024\" height=\"819\" data-id=\"8872\" src=\"https:\/\/stlcc.gob.hn\/wp-content\/uploads\/2025\/03\/486533367_122122448588763371_1774417484007600281_n-1024x819.jpg\" alt=\"\" class=\"wp-image-8872\" srcset=\"https:\/\/stlcc.gob.hn\/wp-content\/uploads\/2025\/03\/486533367_122122448588763371_1774417484007600281_n-1024x819.jpg 1024w, https:\/\/stlcc.gob.hn\/wp-content\/uploads\/2025\/03\/486533367_122122448588763371_1774417484007600281_n-300x240.jpg 300w, https:\/\/stlcc.gob.hn\/wp-content\/uploads\/2025\/03\/486533367_122122448588763371_1774417484007600281_n-2000x1600.jpg 2000w, https:\/\/stlcc.gob.hn\/wp-content\/uploads\/2025\/03\/486533367_122122448588763371_1774417484007600281_n.jpg 2048w\" sizes=\"auto, (max-width: 1024px) 100vw, 1024px\" \/><\/figure>\n\n\n\n<figure class=\"wp-block-image size-large\"><img loading=\"lazy\" decoding=\"async\" width=\"1024\" height=\"819\" data-id=\"8873\" src=\"https:\/\/stlcc.gob.hn\/wp-content\/uploads\/2025\/03\/486601239_122122448666763371_5906884253259335112_n-1024x819.jpg\" alt=\"\" class=\"wp-image-8873\" srcset=\"https:\/\/stlcc.gob.hn\/wp-content\/uploads\/2025\/03\/486601239_122122448666763371_5906884253259335112_n-1024x819.jpg 1024w, https:\/\/stlcc.gob.hn\/wp-content\/uploads\/2025\/03\/486601239_122122448666763371_5906884253259335112_n-300x240.jpg 300w, https:\/\/stlcc.gob.hn\/wp-content\/uploads\/2025\/03\/486601239_122122448666763371_5906884253259335112_n-2000x1600.jpg 2000w, https:\/\/stlcc.gob.hn\/wp-content\/uploads\/2025\/03\/486601239_122122448666763371_5906884253259335112_n.jpg 2048w\" sizes=\"auto, (max-width: 1024px) 100vw, 1024px\" \/><\/figure>\n<\/figure>\n","protected":false},"excerpt":{"rendered":"<p>La Secretar\u00eda de Transparencia y Lucha Contra la Corrupci\u00f3n STLCC de Honduras, a trav\u00e9s de su Unidad de G\u00e9nero y Derechos Humanos, particip\u00f3 en el conversatorio &#8220;D\u00eda Nacional por el Derecho a la Verdad, la Memoria y la Justicia en Honduras&#8221;. Durante el evento se recordaron hechos hist\u00f3ricos de la d\u00e9cada de los 80 y &hellip; <\/p>\n<p class=\"link-more\"><a href=\"https:\/\/stlcc.gob.hn\/?p=8871\" class=\"more-link\">Leer m\u00e1s<span class=\"screen-reader-text\"> \u00abReafirmando el Compromiso con los Derechos Humanos: Participaci\u00f3n de la STLCC en el Conversatorio del D\u00eda Nacional por el Derecho a la Verdad, la Memoria y la Justicia\u00bb<\/span><\/a><\/p>\n","protected":false},"author":4,"featured_media":8876,"comment_status":"closed","ping_status":"closed","sticky":false,"template":"","format":"standard","meta":{"_bbp_topic_count":0,"_bbp_reply_count":0,"_bbp_total_topic_count":0,"_bbp_total_reply_count":0,"_bbp_voice_count":0,"_bbp_anonymous_reply_count":0,"_bbp_topic_count_hidden":0,"_bbp_reply_count_hidden":0,"_bbp_forum_subforum_count":0,"footnotes":""},"categories":[35,17,26],"tags":[],"class_list":["post-8871","post","type-post","status-publish","format-standard","has-post-thumbnail","hentry","category-coordinacion-de-genero","category-stlcc","category-uci"],"_links":{"self":[{"href":"https:\/\/stlcc.gob.hn\/index.php?rest_route=\/wp\/v2\/posts\/8871","targetHints":{"allow":["GET"]}}],"collection":[{"href":"https:\/\/stlcc.gob.hn\/index.php?rest_route=\/wp\/v2\/posts"}],"about":[{"href":"https:\/\/stlcc.gob.hn\/index.php?rest_route=\/wp\/v2\/types\/post"}],"author":[{"embeddable":true,"href":"https:\/\/stlcc.gob.hn\/index.php?rest_route=\/wp\/v2\/users\/4"}],"replies":[{"embeddable":true,"href":"https:\/\/stlcc.gob.hn\/index.php?rest_route=%2Fwp%2Fv2%2Fcomments&post=8871"}],"version-history":[{"count":1,"href":"https:\/\/stlcc.gob.hn\/index.php?rest_route=\/wp\/v2\/posts\/8871\/revisions"}],"predecessor-version":[{"id":8877,"href":"https:\/\/stlcc.gob.hn\/index.php?rest_route=\/wp\/v2\/posts\/8871\/revisions\/8877"}],"wp:featuredmedia":[{"embeddable":true,"href":"https:\/\/stlcc.gob.hn\/index.php?rest_route=\/wp\/v2\/media\/8876"}],"wp:attachment":[{"href":"https:\/\/stlcc.gob.hn\/index.php?rest_route=%2Fwp%2Fv2%2Fmedia&parent=8871"}],"wp:term":[{"taxonomy":"category","embeddable":true,"href":"https:\/\/stlcc.gob.hn\/index.php?rest_route=%2Fwp%2Fv2%2Fcategories&post=8871"},{"taxonomy":"post_tag","embeddable":true,"href":"https:\/\/stlcc.gob.hn\/index.php?rest_route=%2Fwp%2Fv2%2Ftags&post=8871"}],"curies":[{"name":"wp","href":"https:\/\/api.w.org\/{rel}","templated":true}]}}