{"id":8878,"date":"2025-03-28T15:29:44","date_gmt":"2025-03-28T15:29:44","guid":{"rendered":"https:\/\/stlcc.gob.hn\/?p=8878"},"modified":"2025-04-04T15:30:16","modified_gmt":"2025-04-04T15:30:16","slug":"monitoreo-para-la-creacion-de-udems","status":"publish","type":"post","link":"https:\/\/stlcc.gob.hn\/?p=8878","title":{"rendered":"Monitoreo para la creaci\u00f3n de UDEMs"},"content":{"rendered":"\n<p>La Direcci\u00f3n General de Modernizaci\u00f3n Administrativa ha realizado un monitoreo a las instituciones p\u00fablicas para la creaci\u00f3n de Unidades de Modernizaci\u00f3n (UDEM), con el fin de implementar metodolog\u00edas de optimizaci\u00f3n desarrolladas en talleres previos. Estas unidades buscan hacer la administraci\u00f3n p\u00fablica m\u00e1s \u00e1gil, eficiente y transparente, coordinando las iniciativas de modernizaci\u00f3n impulsadas por la Presidencia y las Secretar\u00edas de Estado. El proceso se enmarca en la Pol\u00edtica de Optimizaci\u00f3n de la Gesti\u00f3n P\u00fablica, promovida por la Secretar\u00eda de Transparencia y Lucha contra la Corrupci\u00f3n (STLCC), a trav\u00e9s de la Direcci\u00f3n General de Modernizaci\u00f3n Administrativa. Las UDEM deben operar en cada instituci\u00f3n del Estado, seg\u00fan lo estipulado por el art\u00edculo 39 del Reglamento de Organizaci\u00f3n, Funcionamiento y Competencias del Poder Ejecutivo.<\/p>\n\n\n\n<p>Se visitaron las siguientes instituciones: SEDH, SEP, SEDECOAS, CICESCT, IP, INJUVEN, PNPRRS, SENPRENDE, DIDADPOL, INE, ENEE, SERECI, SETUR, SEN, SAG, SIT.<\/p>\n\n\n\n<p>13 de febrero a 28 de marzo de 2025<\/p>\n\n\n\n<figure class=\"wp-block-gallery has-nested-images columns-default is-cropped wp-block-gallery-1 is-layout-flex wp-block-gallery-is-layout-flex\">\n<figure class=\"wp-block-image size-large\"><img loading=\"lazy\" decoding=\"async\" width=\"1024\" height=\"768\" data-id=\"8879\" src=\"https:\/\/stlcc.gob.hn\/wp-content\/uploads\/2025\/04\/CICESCT_1-2025-1024x768.jpeg\" alt=\"\" class=\"wp-image-8879\" srcset=\"https:\/\/stlcc.gob.hn\/wp-content\/uploads\/2025\/04\/CICESCT_1-2025-1024x768.jpeg 1024w, https:\/\/stlcc.gob.hn\/wp-content\/uploads\/2025\/04\/CICESCT_1-2025-300x225.jpeg 300w, https:\/\/stlcc.gob.hn\/wp-content\/uploads\/2025\/04\/CICESCT_1-2025.jpeg 1280w\" sizes=\"auto, (max-width: 1024px) 100vw, 1024px\" \/><\/figure>\n\n\n\n<figure class=\"wp-block-image size-large\"><img loading=\"lazy\" decoding=\"async\" width=\"768\" height=\"1024\" data-id=\"8880\" src=\"https:\/\/stlcc.gob.hn\/wp-content\/uploads\/2025\/04\/IP_1-2025-768x1024.jpeg\" alt=\"\" class=\"wp-image-8880\" srcset=\"https:\/\/stlcc.gob.hn\/wp-content\/uploads\/2025\/04\/IP_1-2025-768x1024.jpeg 768w, https:\/\/stlcc.gob.hn\/wp-content\/uploads\/2025\/04\/IP_1-2025-225x300.jpeg 225w, https:\/\/stlcc.gob.hn\/wp-content\/uploads\/2025\/04\/IP_1-2025.jpeg 960w\" sizes=\"auto, (max-width: 768px) 100vw, 768px\" \/><\/figure>\n\n\n\n<figure class=\"wp-block-image size-large\"><img loading=\"lazy\" decoding=\"async\" width=\"1024\" height=\"768\" data-id=\"8881\" src=\"https:\/\/stlcc.gob.hn\/wp-content\/uploads\/2025\/04\/SENPRENDE_1-2025-1024x768.jpeg\" alt=\"\" class=\"wp-image-8881\" srcset=\"https:\/\/stlcc.gob.hn\/wp-content\/uploads\/2025\/04\/SENPRENDE_1-2025-1024x768.jpeg 1024w, https:\/\/stlcc.gob.hn\/wp-content\/uploads\/2025\/04\/SENPRENDE_1-2025-300x225.jpeg 300w, https:\/\/stlcc.gob.hn\/wp-content\/uploads\/2025\/04\/SENPRENDE_1-2025.jpeg 1280w\" sizes=\"auto, (max-width: 1024px) 100vw, 1024px\" \/><\/figure>\n<\/figure>\n","protected":false},"excerpt":{"rendered":"<p>La Direcci\u00f3n General de Modernizaci\u00f3n Administrativa ha realizado un monitoreo a las instituciones p\u00fablicas para la creaci\u00f3n de Unidades de Modernizaci\u00f3n (UDEM), con el fin de implementar metodolog\u00edas de optimizaci\u00f3n desarrolladas en talleres previos. Estas unidades buscan hacer la administraci\u00f3n p\u00fablica m\u00e1s \u00e1gil, eficiente y transparente, coordinando las iniciativas de modernizaci\u00f3n impulsadas por la Presidencia &hellip; <\/p>\n<p class=\"link-more\"><a href=\"https:\/\/stlcc.gob.hn\/?p=8878\" class=\"more-link\">Leer m\u00e1s<span class=\"screen-reader-text\"> \u00abMonitoreo para la creaci\u00f3n de UDEMs\u00bb<\/span><\/a><\/p>\n","protected":false},"author":4,"featured_media":8882,"comment_status":"closed","ping_status":"closed","sticky":false,"template":"","format":"standard","meta":{"_bbp_topic_count":0,"_bbp_reply_count":0,"_bbp_total_topic_count":0,"_bbp_total_reply_count":0,"_bbp_voice_count":0,"_bbp_anonymous_reply_count":0,"_bbp_topic_count_hidden":0,"_bbp_reply_count_hidden":0,"_bbp_forum_subforum_count":0,"footnotes":""},"categories":[33,17,26],"tags":[],"class_list":["post-8878","post","type-post","status-publish","format-standard","has-post-thumbnail","hentry","category-dgma","category-stlcc","category-uci"],"_links":{"self":[{"href":"https:\/\/stlcc.gob.hn\/index.php?rest_route=\/wp\/v2\/posts\/8878","targetHints":{"allow":["GET"]}}],"collection":[{"href":"https:\/\/stlcc.gob.hn\/index.php?rest_route=\/wp\/v2\/posts"}],"about":[{"href":"https:\/\/stlcc.gob.hn\/index.php?rest_route=\/wp\/v2\/types\/post"}],"author":[{"embeddable":true,"href":"https:\/\/stlcc.gob.hn\/index.php?rest_route=\/wp\/v2\/users\/4"}],"replies":[{"embeddable":true,"href":"https:\/\/stlcc.gob.hn\/index.php?rest_route=%2Fwp%2Fv2%2Fcomments&post=8878"}],"version-history":[{"count":1,"href":"https:\/\/stlcc.gob.hn\/index.php?rest_route=\/wp\/v2\/posts\/8878\/revisions"}],"predecessor-version":[{"id":8883,"href":"https:\/\/stlcc.gob.hn\/index.php?rest_route=\/wp\/v2\/posts\/8878\/revisions\/8883"}],"wp:featuredmedia":[{"embeddable":true,"href":"https:\/\/stlcc.gob.hn\/index.php?rest_route=\/wp\/v2\/media\/8882"}],"wp:attachment":[{"href":"https:\/\/stlcc.gob.hn\/index.php?rest_route=%2Fwp%2Fv2%2Fmedia&parent=8878"}],"wp:term":[{"taxonomy":"category","embeddable":true,"href":"https:\/\/stlcc.gob.hn\/index.php?rest_route=%2Fwp%2Fv2%2Fcategories&post=8878"},{"taxonomy":"post_tag","embeddable":true,"href":"https:\/\/stlcc.gob.hn\/index.php?rest_route=%2Fwp%2Fv2%2Ftags&post=8878"}],"curies":[{"name":"wp","href":"https:\/\/api.w.org\/{rel}","templated":true}]}}