{"id":9674,"date":"2025-10-17T16:25:00","date_gmt":"2025-10-17T16:25:00","guid":{"rendered":"https:\/\/stlcc.gob.hn\/?p=9674"},"modified":"2025-11-13T16:25:11","modified_gmt":"2025-11-13T16:25:11","slug":"stlcc-recibe-reconocimiento-por-su-compromiso-con-la-igualdad-de-genero-y-la-equidad-presupuestaria","status":"publish","type":"post","link":"https:\/\/stlcc.gob.hn\/?p=9674","title":{"rendered":"STLCC recibe reconocimiento por su compromiso con la igualdad de g\u00e9nero y la equidad presupuestaria"},"content":{"rendered":"\n<p>La <a href=\"https:\/\/www.facebook.com\/stlcchonduras?__cft__[0]=AZXRAFb-CeIpm-j6h3SaQApRKKKyx5XEshOQOUFwSpX3ECt3hGQ1M1k_jPBI4kQmY0bR_BxY5Sdjpbi81XmOGTzHXcHlGIRTFQJxNBzrTRMrkmA0f4trzvYv_ug8q6PnGo1nqXCNaJ8G_7vXrZRiTkwDT9B-hmJMA8RHblwVmv0U9v-KWxvkQnd8BxpMvfd9DUe9lcJzhwc2gdTy8A5t53fM&amp;__tn__=-]K-R\">Secretar\u00eda de Transparencia y Lucha Contra la Corrupci\u00f3n STLCC de Honduras<\/a> se encuentra dentro de las 81 instituciones que recibieron hoy, el reconocimiento por su <a><\/a>compromiso institucional en materia de g\u00e9nero, la responsabilidad en la asignaci\u00f3n y ejecuci\u00f3n presupuestaria con enfoque de equidad y, su contribuci\u00f3n a cerrar las brechas de desigualdad entre mujeres y hombres.<\/p>\n\n\n\n<p>Este reconocimiento que entrega que entrega la <a href=\"https:\/\/www.facebook.com\/SEMUJERHND?__cft__[0]=AZXRAFb-CeIpm-j6h3SaQApRKKKyx5XEshOQOUFwSpX3ECt3hGQ1M1k_jPBI4kQmY0bR_BxY5Sdjpbi81XmOGTzHXcHlGIRTFQJxNBzrTRMrkmA0f4trzvYv_ug8q6PnGo1nqXCNaJ8G_7vXrZRiTkwDT9B-hmJMA8RHblwVmv0U9v-KWxvkQnd8BxpMvfd9DUe9lcJzhwc2gdTy8A5t53fM&amp;__tn__=-]K-R\">Secretar\u00eda de Asuntos de la Mujer<\/a>, muestra del compromiso que tiene la STLCC, en generar espacios donde se promueva la igualdad de g\u00e9nero y el respeto a los derechos humanos.<\/p>\n\n\n\n<p>El Gobierno de <a href=\"https:\/\/www.facebook.com\/XiomaraCastroZ?__cft__[0]=AZXRAFb-CeIpm-j6h3SaQApRKKKyx5XEshOQOUFwSpX3ECt3hGQ1M1k_jPBI4kQmY0bR_BxY5Sdjpbi81XmOGTzHXcHlGIRTFQJxNBzrTRMrkmA0f4trzvYv_ug8q6PnGo1nqXCNaJ8G_7vXrZRiTkwDT9B-hmJMA8RHblwVmv0U9v-KWxvkQnd8BxpMvfd9DUe9lcJzhwc2gdTy8A5t53fM&amp;__tn__=-]K-R\">Xiomara Castro De Zelaya<\/a> avanza con paso firme en la construcci\u00f3n de una pa\u00eds digno para todas y todos.<\/p>\n\n\n\n<p>17 de octubre de 2025<\/p>\n\n\n\n<figure class=\"wp-block-gallery has-nested-images columns-default is-cropped wp-block-gallery-1 is-layout-flex wp-block-gallery-is-layout-flex\">\n<figure class=\"wp-block-image size-large\"><img loading=\"lazy\" decoding=\"async\" width=\"1024\" height=\"819\" data-id=\"9675\" src=\"https:\/\/stlcc.gob.hn\/wp-content\/uploads\/2025\/11\/566200618_122168602250763371_8690228458309557921_n-1024x819.jpg\" alt=\"\" class=\"wp-image-9675\" srcset=\"https:\/\/stlcc.gob.hn\/wp-content\/uploads\/2025\/11\/566200618_122168602250763371_8690228458309557921_n-1024x819.jpg 1024w, https:\/\/stlcc.gob.hn\/wp-content\/uploads\/2025\/11\/566200618_122168602250763371_8690228458309557921_n-300x240.jpg 300w, https:\/\/stlcc.gob.hn\/wp-content\/uploads\/2025\/11\/566200618_122168602250763371_8690228458309557921_n.jpg 1439w\" sizes=\"auto, (max-width: 1024px) 100vw, 1024px\" \/><\/figure>\n\n\n\n<figure class=\"wp-block-image size-large\"><img loading=\"lazy\" decoding=\"async\" width=\"1024\" height=\"819\" data-id=\"9676\" src=\"https:\/\/stlcc.gob.hn\/wp-content\/uploads\/2025\/11\/565947251_122168602262763371_8978463721264443920_n-1024x819.jpg\" alt=\"\" class=\"wp-image-9676\" srcset=\"https:\/\/stlcc.gob.hn\/wp-content\/uploads\/2025\/11\/565947251_122168602262763371_8978463721264443920_n-1024x819.jpg 1024w, https:\/\/stlcc.gob.hn\/wp-content\/uploads\/2025\/11\/565947251_122168602262763371_8978463721264443920_n-300x240.jpg 300w, https:\/\/stlcc.gob.hn\/wp-content\/uploads\/2025\/11\/565947251_122168602262763371_8978463721264443920_n.jpg 1439w\" sizes=\"auto, (max-width: 1024px) 100vw, 1024px\" \/><\/figure>\n\n\n\n<figure class=\"wp-block-image size-large\"><img loading=\"lazy\" decoding=\"async\" width=\"1024\" height=\"819\" data-id=\"9677\" src=\"https:\/\/stlcc.gob.hn\/wp-content\/uploads\/2025\/11\/567654746_122168602256763371_8389495439626289493_n-1024x819.jpg\" alt=\"\" class=\"wp-image-9677\" srcset=\"https:\/\/stlcc.gob.hn\/wp-content\/uploads\/2025\/11\/567654746_122168602256763371_8389495439626289493_n-1024x819.jpg 1024w, https:\/\/stlcc.gob.hn\/wp-content\/uploads\/2025\/11\/567654746_122168602256763371_8389495439626289493_n-300x240.jpg 300w, https:\/\/stlcc.gob.hn\/wp-content\/uploads\/2025\/11\/567654746_122168602256763371_8389495439626289493_n.jpg 1439w\" sizes=\"auto, (max-width: 1024px) 100vw, 1024px\" \/><\/figure>\n<\/figure>\n","protected":false},"excerpt":{"rendered":"<p>La Secretar\u00eda de Transparencia y Lucha Contra la Corrupci\u00f3n STLCC de Honduras se encuentra dentro de las 81 instituciones que recibieron hoy, el reconocimiento por su compromiso institucional en materia de g\u00e9nero, la responsabilidad en la asignaci\u00f3n y ejecuci\u00f3n presupuestaria con enfoque de equidad y, su contribuci\u00f3n a cerrar las brechas de desigualdad entre mujeres &hellip; <\/p>\n<p class=\"link-more\"><a href=\"https:\/\/stlcc.gob.hn\/?p=9674\" class=\"more-link\">Leer m\u00e1s<span class=\"screen-reader-text\"> \u00abSTLCC recibe reconocimiento por su compromiso con la igualdad de g\u00e9nero y la equidad presupuestaria\u00bb<\/span><\/a><\/p>\n","protected":false},"author":4,"featured_media":9678,"comment_status":"closed","ping_status":"closed","sticky":false,"template":"","format":"standard","meta":{"_bbp_topic_count":0,"_bbp_reply_count":0,"_bbp_total_topic_count":0,"_bbp_total_reply_count":0,"_bbp_voice_count":0,"_bbp_anonymous_reply_count":0,"_bbp_topic_count_hidden":0,"_bbp_reply_count_hidden":0,"_bbp_forum_subforum_count":0,"footnotes":""},"categories":[35,17,26],"tags":[],"class_list":["post-9674","post","type-post","status-publish","format-standard","has-post-thumbnail","hentry","category-coordinacion-de-genero","category-stlcc","category-uci"],"_links":{"self":[{"href":"https:\/\/stlcc.gob.hn\/index.php?rest_route=\/wp\/v2\/posts\/9674","targetHints":{"allow":["GET"]}}],"collection":[{"href":"https:\/\/stlcc.gob.hn\/index.php?rest_route=\/wp\/v2\/posts"}],"about":[{"href":"https:\/\/stlcc.gob.hn\/index.php?rest_route=\/wp\/v2\/types\/post"}],"author":[{"embeddable":true,"href":"https:\/\/stlcc.gob.hn\/index.php?rest_route=\/wp\/v2\/users\/4"}],"replies":[{"embeddable":true,"href":"https:\/\/stlcc.gob.hn\/index.php?rest_route=%2Fwp%2Fv2%2Fcomments&post=9674"}],"version-history":[{"count":1,"href":"https:\/\/stlcc.gob.hn\/index.php?rest_route=\/wp\/v2\/posts\/9674\/revisions"}],"predecessor-version":[{"id":9679,"href":"https:\/\/stlcc.gob.hn\/index.php?rest_route=\/wp\/v2\/posts\/9674\/revisions\/9679"}],"wp:featuredmedia":[{"embeddable":true,"href":"https:\/\/stlcc.gob.hn\/index.php?rest_route=\/wp\/v2\/media\/9678"}],"wp:attachment":[{"href":"https:\/\/stlcc.gob.hn\/index.php?rest_route=%2Fwp%2Fv2%2Fmedia&parent=9674"}],"wp:term":[{"taxonomy":"category","embeddable":true,"href":"https:\/\/stlcc.gob.hn\/index.php?rest_route=%2Fwp%2Fv2%2Fcategories&post=9674"},{"taxonomy":"post_tag","embeddable":true,"href":"https:\/\/stlcc.gob.hn\/index.php?rest_route=%2Fwp%2Fv2%2Ftags&post=9674"}],"curies":[{"name":"wp","href":"https:\/\/api.w.org\/{rel}","templated":true}]}}