{"id":9688,"date":"2025-10-22T16:45:58","date_gmt":"2025-10-22T16:45:58","guid":{"rendered":"https:\/\/stlcc.gob.hn\/?p=9688"},"modified":"2025-11-13T16:46:08","modified_gmt":"2025-11-13T16:46:08","slug":"stlcc-participa-en-la-caminata-rosa-y-feria-de-la-salud-2025-para-promover-la-prevencion-del-cancer-de-mama","status":"publish","type":"post","link":"https:\/\/stlcc.gob.hn\/?p=9688","title":{"rendered":"STLCC participa en la Caminata Rosa y Feria de la Salud 2025 para promover la prevenci\u00f3n del c\u00e1ncer de mama"},"content":{"rendered":"\n<p>La STLCC particip\u00f3 activamente en la \u201cCaminata Rosa y Feria de la Salud 2025\u201d, organizada por la <a href=\"https:\/\/www.facebook.com\/SEMUJERHND?__cft__[0]=AZVGTV56a65-jwVk5uULkhF46zqQKbWfQkNq5u75sL8DuaZyNwOVKBke1843Nb62Nd-rLL6ZXYbGoFqztawDhR2avcEDxlvWPAm0Fw9eLQwweansJaI4rO0f-HkdgYG44dyEV0jqTndI_UHYOH5mEttK9ovE5Mbnt97UZ4_jCG3_Axxdx5Lqd4fsCu8UQyIPBkoYfQ6iUOnYmDPLXtvqHP73&amp;__tn__=-]K-R\">Secretar\u00eda de Asuntos de la Mujer<\/a> (SEMUJER), la <a href=\"https:\/\/www.facebook.com\/saludgobhn?__cft__[0]=AZVGTV56a65-jwVk5uULkhF46zqQKbWfQkNq5u75sL8DuaZyNwOVKBke1843Nb62Nd-rLL6ZXYbGoFqztawDhR2avcEDxlvWPAm0Fw9eLQwweansJaI4rO0f-HkdgYG44dyEV0jqTndI_UHYOH5mEttK9ovE5Mbnt97UZ4_jCG3_Axxdx5Lqd4fsCu8UQyIPBkoYfQ6iUOnYmDPLXtvqHP73&amp;__tn__=-]K-R\">Secretar\u00eda de Salud de Honduras, Oficial<\/a> (SESAL) y <a href=\"https:\/\/www.facebook.com\/PROASOLHN?__cft__[0]=AZVGTV56a65-jwVk5uULkhF46zqQKbWfQkNq5u75sL8DuaZyNwOVKBke1843Nb62Nd-rLL6ZXYbGoFqztawDhR2avcEDxlvWPAm0Fw9eLQwweansJaI4rO0f-HkdgYG44dyEV0jqTndI_UHYOH5mEttK9ovE5Mbnt97UZ4_jCG3_Axxdx5Lqd4fsCu8UQyIPBkoYfQ6iUOnYmDPLXtvqHP73&amp;__tn__=-]K-R\">PROASOL &#8211; Programa de Acci\u00f3n Solidaria<\/a>, un evento que reuni\u00f3 a servidores p\u00fablicos de diferentes instituciones con el fin de hacer conciencia a la poblaci\u00f3n sobre la importancia de prevenir y tratar a tiempo el c\u00e1ncer de mama.<\/p>\n\n\n\n<p>Esta actividad refleja el \u00edmpetu de la Presidenta @x<a href=\"https:\/\/www.facebook.com\/XiomaraCastroZ?__cft__[0]=AZVGTV56a65-jwVk5uULkhF46zqQKbWfQkNq5u75sL8DuaZyNwOVKBke1843Nb62Nd-rLL6ZXYbGoFqztawDhR2avcEDxlvWPAm0Fw9eLQwweansJaI4rO0f-HkdgYG44dyEV0jqTndI_UHYOH5mEttK9ovE5Mbnt97UZ4_jCG3_Axxdx5Lqd4fsCu8UQyIPBkoYfQ6iUOnYmDPLXtvqHP73&amp;__tn__=-]K-R\">Xiomara Castro De Zelaya<\/a> por hacer de la salud de cada hondure\u00f1a y hondure\u00f1o una prioridad nacional, impulsando campa\u00f1as con informaci\u00f3n adecuada para que los ciudadanos se traten oportunamente ante la enfermedad.<\/p>\n\n\n\n<p>22 de octubre de 2025<\/p>\n\n\n\n<figure class=\"wp-block-gallery has-nested-images columns-default is-cropped wp-block-gallery-1 is-layout-flex wp-block-gallery-is-layout-flex\">\n<figure class=\"wp-block-image size-large\"><img loading=\"lazy\" decoding=\"async\" width=\"1024\" height=\"819\" data-id=\"9689\" src=\"https:\/\/stlcc.gob.hn\/wp-content\/uploads\/2025\/11\/569470354_122169776696763371_7309866862822125174_n-1024x819.jpg\" alt=\"\" class=\"wp-image-9689\" srcset=\"https:\/\/stlcc.gob.hn\/wp-content\/uploads\/2025\/11\/569470354_122169776696763371_7309866862822125174_n-1024x819.jpg 1024w, https:\/\/stlcc.gob.hn\/wp-content\/uploads\/2025\/11\/569470354_122169776696763371_7309866862822125174_n-300x240.jpg 300w, https:\/\/stlcc.gob.hn\/wp-content\/uploads\/2025\/11\/569470354_122169776696763371_7309866862822125174_n-2000x1600.jpg 2000w, https:\/\/stlcc.gob.hn\/wp-content\/uploads\/2025\/11\/569470354_122169776696763371_7309866862822125174_n.jpg 2048w\" sizes=\"auto, (max-width: 1024px) 100vw, 1024px\" \/><\/figure>\n\n\n\n<figure class=\"wp-block-image size-large\"><img loading=\"lazy\" decoding=\"async\" width=\"1024\" height=\"819\" data-id=\"9694\" src=\"https:\/\/stlcc.gob.hn\/wp-content\/uploads\/2025\/11\/566230859_122169776564763371_2004687393977815305_n-1024x819.jpg\" alt=\"\" class=\"wp-image-9694\" srcset=\"https:\/\/stlcc.gob.hn\/wp-content\/uploads\/2025\/11\/566230859_122169776564763371_2004687393977815305_n-1024x819.jpg 1024w, https:\/\/stlcc.gob.hn\/wp-content\/uploads\/2025\/11\/566230859_122169776564763371_2004687393977815305_n-300x240.jpg 300w, https:\/\/stlcc.gob.hn\/wp-content\/uploads\/2025\/11\/566230859_122169776564763371_2004687393977815305_n-2000x1600.jpg 2000w, https:\/\/stlcc.gob.hn\/wp-content\/uploads\/2025\/11\/566230859_122169776564763371_2004687393977815305_n.jpg 2048w\" sizes=\"auto, (max-width: 1024px) 100vw, 1024px\" \/><\/figure>\n\n\n\n<figure class=\"wp-block-image size-large\"><img loading=\"lazy\" decoding=\"async\" width=\"1024\" height=\"819\" data-id=\"9690\" src=\"https:\/\/stlcc.gob.hn\/wp-content\/uploads\/2025\/11\/568584588_122169776702763371_3070588023352047455_n-1024x819.jpg\" alt=\"\" class=\"wp-image-9690\" srcset=\"https:\/\/stlcc.gob.hn\/wp-content\/uploads\/2025\/11\/568584588_122169776702763371_3070588023352047455_n-1024x819.jpg 1024w, https:\/\/stlcc.gob.hn\/wp-content\/uploads\/2025\/11\/568584588_122169776702763371_3070588023352047455_n-300x240.jpg 300w, https:\/\/stlcc.gob.hn\/wp-content\/uploads\/2025\/11\/568584588_122169776702763371_3070588023352047455_n-2000x1600.jpg 2000w, https:\/\/stlcc.gob.hn\/wp-content\/uploads\/2025\/11\/568584588_122169776702763371_3070588023352047455_n.jpg 2048w\" sizes=\"auto, (max-width: 1024px) 100vw, 1024px\" \/><\/figure>\n\n\n\n<figure class=\"wp-block-image size-large\"><img loading=\"lazy\" decoding=\"async\" width=\"1024\" height=\"819\" data-id=\"9691\" src=\"https:\/\/stlcc.gob.hn\/wp-content\/uploads\/2025\/11\/568427208_122169776672763371_2970095273831063994_n-1024x819.jpg\" alt=\"\" class=\"wp-image-9691\" srcset=\"https:\/\/stlcc.gob.hn\/wp-content\/uploads\/2025\/11\/568427208_122169776672763371_2970095273831063994_n-1024x819.jpg 1024w, https:\/\/stlcc.gob.hn\/wp-content\/uploads\/2025\/11\/568427208_122169776672763371_2970095273831063994_n-300x240.jpg 300w, https:\/\/stlcc.gob.hn\/wp-content\/uploads\/2025\/11\/568427208_122169776672763371_2970095273831063994_n-2000x1600.jpg 2000w, https:\/\/stlcc.gob.hn\/wp-content\/uploads\/2025\/11\/568427208_122169776672763371_2970095273831063994_n.jpg 2048w\" sizes=\"auto, (max-width: 1024px) 100vw, 1024px\" \/><\/figure>\n\n\n\n<figure class=\"wp-block-image size-large\"><img loading=\"lazy\" decoding=\"async\" width=\"1024\" height=\"819\" data-id=\"9693\" src=\"https:\/\/stlcc.gob.hn\/wp-content\/uploads\/2025\/11\/570323614_122169776690763371_1183363280076198238_n-1024x819.jpg\" alt=\"\" class=\"wp-image-9693\" srcset=\"https:\/\/stlcc.gob.hn\/wp-content\/uploads\/2025\/11\/570323614_122169776690763371_1183363280076198238_n-1024x819.jpg 1024w, https:\/\/stlcc.gob.hn\/wp-content\/uploads\/2025\/11\/570323614_122169776690763371_1183363280076198238_n-300x240.jpg 300w, https:\/\/stlcc.gob.hn\/wp-content\/uploads\/2025\/11\/570323614_122169776690763371_1183363280076198238_n-2000x1600.jpg 2000w, https:\/\/stlcc.gob.hn\/wp-content\/uploads\/2025\/11\/570323614_122169776690763371_1183363280076198238_n.jpg 2048w\" sizes=\"auto, (max-width: 1024px) 100vw, 1024px\" \/><\/figure>\n\n\n\n<figure class=\"wp-block-image size-large\"><img loading=\"lazy\" decoding=\"async\" width=\"1024\" height=\"819\" data-id=\"9692\" src=\"https:\/\/stlcc.gob.hn\/wp-content\/uploads\/2025\/11\/568805559_122169776504763371_3912228885386788216_n-1024x819.jpg\" alt=\"\" class=\"wp-image-9692\" srcset=\"https:\/\/stlcc.gob.hn\/wp-content\/uploads\/2025\/11\/568805559_122169776504763371_3912228885386788216_n-1024x819.jpg 1024w, https:\/\/stlcc.gob.hn\/wp-content\/uploads\/2025\/11\/568805559_122169776504763371_3912228885386788216_n-300x240.jpg 300w, https:\/\/stlcc.gob.hn\/wp-content\/uploads\/2025\/11\/568805559_122169776504763371_3912228885386788216_n-2000x1600.jpg 2000w, https:\/\/stlcc.gob.hn\/wp-content\/uploads\/2025\/11\/568805559_122169776504763371_3912228885386788216_n.jpg 2048w\" sizes=\"auto, (max-width: 1024px) 100vw, 1024px\" \/><\/figure>\n<\/figure>\n","protected":false},"excerpt":{"rendered":"<p>La STLCC particip\u00f3 activamente en la \u201cCaminata Rosa y Feria de la Salud 2025\u201d, organizada por la Secretar\u00eda de Asuntos de la Mujer (SEMUJER), la Secretar\u00eda de Salud de Honduras, Oficial (SESAL) y PROASOL &#8211; Programa de Acci\u00f3n Solidaria, un evento que reuni\u00f3 a servidores p\u00fablicos de diferentes instituciones con el fin de hacer conciencia &hellip; <\/p>\n<p class=\"link-more\"><a href=\"https:\/\/stlcc.gob.hn\/?p=9688\" class=\"more-link\">Leer m\u00e1s<span class=\"screen-reader-text\"> \u00abSTLCC participa en la Caminata Rosa y Feria de la Salud 2025 para promover la prevenci\u00f3n del c\u00e1ncer de mama\u00bb<\/span><\/a><\/p>\n","protected":false},"author":4,"featured_media":9695,"comment_status":"closed","ping_status":"closed","sticky":false,"template":"","format":"standard","meta":{"_bbp_topic_count":0,"_bbp_reply_count":0,"_bbp_total_topic_count":0,"_bbp_total_reply_count":0,"_bbp_voice_count":0,"_bbp_anonymous_reply_count":0,"_bbp_topic_count_hidden":0,"_bbp_reply_count_hidden":0,"_bbp_forum_subforum_count":0,"footnotes":""},"categories":[35,17,26],"tags":[],"class_list":["post-9688","post","type-post","status-publish","format-standard","has-post-thumbnail","hentry","category-coordinacion-de-genero","category-stlcc","category-uci"],"_links":{"self":[{"href":"https:\/\/stlcc.gob.hn\/index.php?rest_route=\/wp\/v2\/posts\/9688","targetHints":{"allow":["GET"]}}],"collection":[{"href":"https:\/\/stlcc.gob.hn\/index.php?rest_route=\/wp\/v2\/posts"}],"about":[{"href":"https:\/\/stlcc.gob.hn\/index.php?rest_route=\/wp\/v2\/types\/post"}],"author":[{"embeddable":true,"href":"https:\/\/stlcc.gob.hn\/index.php?rest_route=\/wp\/v2\/users\/4"}],"replies":[{"embeddable":true,"href":"https:\/\/stlcc.gob.hn\/index.php?rest_route=%2Fwp%2Fv2%2Fcomments&post=9688"}],"version-history":[{"count":1,"href":"https:\/\/stlcc.gob.hn\/index.php?rest_route=\/wp\/v2\/posts\/9688\/revisions"}],"predecessor-version":[{"id":9696,"href":"https:\/\/stlcc.gob.hn\/index.php?rest_route=\/wp\/v2\/posts\/9688\/revisions\/9696"}],"wp:featuredmedia":[{"embeddable":true,"href":"https:\/\/stlcc.gob.hn\/index.php?rest_route=\/wp\/v2\/media\/9695"}],"wp:attachment":[{"href":"https:\/\/stlcc.gob.hn\/index.php?rest_route=%2Fwp%2Fv2%2Fmedia&parent=9688"}],"wp:term":[{"taxonomy":"category","embeddable":true,"href":"https:\/\/stlcc.gob.hn\/index.php?rest_route=%2Fwp%2Fv2%2Fcategories&post=9688"},{"taxonomy":"post_tag","embeddable":true,"href":"https:\/\/stlcc.gob.hn\/index.php?rest_route=%2Fwp%2Fv2%2Ftags&post=9688"}],"curies":[{"name":"wp","href":"https:\/\/api.w.org\/{rel}","templated":true}]}}